{"id":6803,"date":"2026-09-02T21:44:33","date_gmt":"2026-09-02T19:44:33","guid":{"rendered":"https:\/\/gral53.fr\/?p=6803"},"modified":"2026-09-02T21:44:33","modified_gmt":"2026-09-02T19:44:33","slug":"forum-des-associations-5-septembre-a-laval","status":"publish","type":"post","link":"https:\/\/gral53.fr\/index.php\/2026\/09\/02\/forum-des-associations-5-septembre-a-laval\/","title":{"rendered":"Forum des associations 5 septembre \u00e0 Laval"},"content":{"rendered":"<p>Le Forum des associations et de la vie locale se tiendra samedi 5 septembre \u00e0 la Salle Polyvalente de Laval de 9h \u00e0 18h.<\/p>\n<p>Venez y retrouver les b\u00e9n\u00e9voles du GRAL qui se trouveront sur le stand 229, au fond \u00e0 droite de la salle. Ils seront pr\u00e9sents pour r\u00e9pondre \u00e0 toutes vos questions.<\/p>\n<p>Notez qu&rsquo;il reste quelques places pour les cours adultes d\u00e9butants qui auront lieu le mardi soir de 19h \u00e0 20h30 et qui d\u00e9buteront mi-septembre. Vous trouverez toutes les informations concernant les inscriptions \u00e0 cette\u00a0<a href=\"https:\/\/gral53.fr\/index.php\/inscriptions\/\">page.<\/a><\/p>\n<p><img decoding=\"async\" class=\"alignnone wp-image-6805\" src=\"https:\/\/gral53.fr\/wp-content\/uploads\/2026\/09\/Forum-asso-Laval-21-x-29.7-cm.png\" alt=\"\" width=\"555\" height=\"785\" srcset=\"https:\/\/gral53.fr\/wp-content\/uploads\/2026\/09\/Forum-asso-Laval-21-x-29.7-cm.png 764w, https:\/\/gral53.fr\/wp-content\/uploads\/2026\/09\/Forum-asso-Laval-21-x-29.7-cm-212x300.png 212w, https:\/\/gral53.fr\/wp-content\/uploads\/2026\/09\/Forum-asso-Laval-21-x-29.7-cm-724x1024.png 724w\" sizes=\"(max-width: 555px) 100vw, 555px\" \/><\/p>\n","protected":false},"excerpt":{"rendered":"<p>Le Forum des associations et de la vie locale se tiendra samedi 5 septembre \u00e0 la Salle Polyvalente de Laval de 9h \u00e0 18h. Venez y retrouver les b\u00e9n\u00e9voles du GRAL qui se trouveront&#46;&#46;&#46;<\/p>\n","protected":false},"author":2,"featured_media":6804,"comment_status":"closed","ping_status":"closed","sticky":false,"template":"","format":"standard","meta":{"footnotes":""},"categories":[3],"tags":[],"class_list":["post-6803","post","type-post","status-publish","format-standard","has-post-thumbnail","hentry","category-club"],"post_mailing_queue_ids":[],"_links":{"self":[{"href":"https:\/\/gral53.fr\/index.php\/wp-json\/wp\/v2\/posts\/6803","targetHints":{"allow":["GET"]}}],"collection":[{"href":"https:\/\/gral53.fr\/index.php\/wp-json\/wp\/v2\/posts"}],"about":[{"href":"https:\/\/gral53.fr\/index.php\/wp-json\/wp\/v2\/types\/post"}],"author":[{"embeddable":true,"href":"https:\/\/gral53.fr\/index.php\/wp-json\/wp\/v2\/users\/2"}],"replies":[{"embeddable":true,"href":"https:\/\/gral53.fr\/index.php\/wp-json\/wp\/v2\/comments?post=6803"}],"version-history":[{"count":1,"href":"https:\/\/gral53.fr\/index.php\/wp-json\/wp\/v2\/posts\/6803\/revisions"}],"predecessor-version":[{"id":6806,"href":"https:\/\/gral53.fr\/index.php\/wp-json\/wp\/v2\/posts\/6803\/revisions\/6806"}],"wp:featuredmedia":[{"embeddable":true,"href":"https:\/\/gral53.fr\/index.php\/wp-json\/wp\/v2\/media\/6804"}],"wp:attachment":[{"href":"https:\/\/gral53.fr\/index.php\/wp-json\/wp\/v2\/media?parent=6803"}],"wp:term":[{"taxonomy":"category","embeddable":true,"href":"https:\/\/gral53.fr\/index.php\/wp-json\/wp\/v2\/categories?post=6803"},{"taxonomy":"post_tag","embeddable":true,"href":"https:\/\/gral53.fr\/index.php\/wp-json\/wp\/v2\/tags?post=6803"}],"curies":[{"name":"wp","href":"https:\/\/api.w.org\/{rel}","templated":true}]}}