{"id":6798,"date":"2026-08-29T22:38:33","date_gmt":"2026-08-29T20:38:33","guid":{"rendered":"https:\/\/gral53.fr\/?p=6798"},"modified":"2026-08-29T22:38:33","modified_gmt":"2026-08-29T20:38:33","slug":"reouverture-de-la-salle-jeff-lemoine-le-7-septembre","status":"publish","type":"post","link":"https:\/\/gral53.fr\/index.php\/2026\/08\/29\/reouverture-de-la-salle-jeff-lemoine-le-7-septembre\/","title":{"rendered":"R\u00e9ouverture de la salle Jeff Lemoine le 7 septembre"},"content":{"rendered":"<p>Grimpeuses, grimpeurs,<\/p>\n<p>La rentr\u00e9e approche ! La salle Jeff Lemoine rouvrira le lundi 7 septembre pour les cr\u00e9neaux autonomes dont voici les horaires :<\/p>\n<ul>\n<li>lundi de 20h15 \u00e0 22h15,<\/li>\n<li>mardi de 12h15 \u00e0 13h30,<\/li>\n<li>mardi de 20h45 \u00e0 22h15,<\/li>\n<li>mercredi de 18h30 \u00e0 20h30,<\/li>\n<li>jeudi de 20h45 \u00e0 22h15,<\/li>\n<li>vendredi de 19h30 \u00e0 22h00.<\/li>\n<\/ul>\n<p>Les cours adultes reprendront courant septembre, probablement la semaine du 14 ou du 21. Les personnes concern\u00e9es seront pr\u00e9venues par mail.<\/p>\n<p>Bonne reprise \u00e0 chacune et \u00e0 chacun.<\/p>\n<p>&nbsp;<\/p>\n","protected":false},"excerpt":{"rendered":"<p>Grimpeuses, grimpeurs, La rentr\u00e9e approche ! La salle Jeff Lemoine rouvrira le lundi 7 septembre pour les cr\u00e9neaux autonomes dont voici les horaires : lundi de 20h15 \u00e0 22h15, mardi de 12h15 \u00e0 13h30,&#46;&#46;&#46;<\/p>\n","protected":false},"author":2,"featured_media":6503,"comment_status":"closed","ping_status":"closed","sticky":false,"template":"","format":"standard","meta":{"footnotes":""},"categories":[3],"tags":[],"class_list":["post-6798","post","type-post","status-publish","format-standard","has-post-thumbnail","hentry","category-club"],"post_mailing_queue_ids":[],"_links":{"self":[{"href":"https:\/\/gral53.fr\/index.php\/wp-json\/wp\/v2\/posts\/6798","targetHints":{"allow":["GET"]}}],"collection":[{"href":"https:\/\/gral53.fr\/index.php\/wp-json\/wp\/v2\/posts"}],"about":[{"href":"https:\/\/gral53.fr\/index.php\/wp-json\/wp\/v2\/types\/post"}],"author":[{"embeddable":true,"href":"https:\/\/gral53.fr\/index.php\/wp-json\/wp\/v2\/users\/2"}],"replies":[{"embeddable":true,"href":"https:\/\/gral53.fr\/index.php\/wp-json\/wp\/v2\/comments?post=6798"}],"version-history":[{"count":1,"href":"https:\/\/gral53.fr\/index.php\/wp-json\/wp\/v2\/posts\/6798\/revisions"}],"predecessor-version":[{"id":6799,"href":"https:\/\/gral53.fr\/index.php\/wp-json\/wp\/v2\/posts\/6798\/revisions\/6799"}],"wp:featuredmedia":[{"embeddable":true,"href":"https:\/\/gral53.fr\/index.php\/wp-json\/wp\/v2\/media\/6503"}],"wp:attachment":[{"href":"https:\/\/gral53.fr\/index.php\/wp-json\/wp\/v2\/media?parent=6798"}],"wp:term":[{"taxonomy":"category","embeddable":true,"href":"https:\/\/gral53.fr\/index.php\/wp-json\/wp\/v2\/categories?post=6798"},{"taxonomy":"post_tag","embeddable":true,"href":"https:\/\/gral53.fr\/index.php\/wp-json\/wp\/v2\/tags?post=6798"}],"curies":[{"name":"wp","href":"https:\/\/api.w.org\/{rel}","templated":true}]}}