{"id":6238,"date":"2026-02-02T18:01:37","date_gmt":"2026-02-02T17:01:37","guid":{"rendered":"https:\/\/gral53.fr\/?p=6238"},"modified":"2026-02-04T20:21:10","modified_gmt":"2026-02-04T19:21:10","slug":"contest-du-gral-le-26-avril","status":"publish","type":"post","link":"https:\/\/gral53.fr\/index.php\/2026\/02\/02\/contest-du-gral-le-26-avril\/","title":{"rendered":"Contest du GRAL le 26 avril"},"content":{"rendered":"<p>Grimpeuses, grimpeurs,<\/p>\n<p>Le contest, initialement pr\u00e9vu en octobre, est report\u00e9 au dimanche 26 avril, et les inscriptions sont d\u00e9j\u00e0 ouvertes !<\/p>\n<p>Le contest, c&rsquo;est une comp\u00e9tition interne au GRAL, ouverte \u00e0 tou.te.s les licenci\u00e9.e.s \u00e0 partir des U17, qui vous permettra de grimper des blocs et des voies ouverts sp\u00e9cialement pour l&rsquo;occasion, dans une ambiance conviviale comme le GRAL sait si bien le faire \ud83d\ude09<\/p>\n<p>Les voies et les blocs seront ouverts pour que chacun.e puisse s&rsquo;amuser, quel que soit son niveau. Les voies seront grimp\u00e9es en moulinette lors des qualifications. Les d\u00e9butant.e.s sont donc les bienvenu.e.s.<\/p>\n<p>Le principe est simple :<\/p>\n<ul>\n<li>Vous constituez une \u00e9quipe de 3 et vous vous inscrivez\u00a0<a href=\"https:\/\/www.helloasso.com\/associations\/gral\/evenements\/inscription-au-contest\">en ligne<\/a> (tarif de 15\u20ac pour l&rsquo;\u00e9quipe). Les \u00e9quipes mixtes auront un bonus de points.<\/li>\n<li>Les qualifications se d\u00e9rouleront le matin et en d\u00e9but d&rsquo;apr\u00e8s-midi. Chaque participant.e peut s&rsquo;essayer \u00e0 toutes les voies en moulinette (5) et tous les blocs (15). Le r\u00e9sultat de l&rsquo;\u00e9quipe \u00e9quivaut \u00e0 la somme des points marqu\u00e9s par l&rsquo;ensemble des membres de l&rsquo;\u00e9quipe.<\/li>\n<li>Lors de la finale, 2 personnes de l\u2019\u00e9quipe font les blocs (2 blocs chacun) et la derni\u00e8re personne grimpe la voie de difficult\u00e9 (1 grimpeur.se diff\u00e9rent.e pour chaque \u00e9preuve de la finale).<\/li>\n<\/ul>\n<p>Et pour que vous n&rsquo;ayez pas \u00e0 g\u00e9rer la logistique, nous avons pr\u00e9vu une buvette sur place avec des sandwichs et des boissons.<\/p>\n<p>Il ne reste plus qu&rsquo;\u00e0 vous\u00a0<a href=\"https:\/\/www.helloasso.com\/associations\/gral\/evenements\/inscription-au-contest\">inscrire<\/a> ! Les places \u00e9tant limit\u00e9es, ne tardez pas \u00e0 le faire d\u00e8s que votre \u00e9quipe est constitu\u00e9e.<\/p>\n<p>Notez d\u00e8s \u00e0 pr\u00e9sent que la salle Jeff Lemoine sera ferm\u00e9e pendant les 2 semaines des vacances de P\u00e2ques afin que l&rsquo;\u00e9quipe d&rsquo;organisation du contest puisse ouvrir de nouvelles voies et de nouveaux blocs.<\/p>\n<p>Pour toute question concernant le contest, n&rsquo;h\u00e9sitez pas \u00e0 contacter Marie : marietilloy@gral53.fr<\/p>\n<p><img decoding=\"async\" class=\"alignnone wp-image-6239\" src=\"https:\/\/gral53.fr\/wp-content\/uploads\/2026\/01\/affiche-26-avril.jpg\" alt=\"\" width=\"595\" height=\"841\" srcset=\"https:\/\/gral53.fr\/wp-content\/uploads\/2026\/01\/affiche-26-avril.jpg 764w, https:\/\/gral53.fr\/wp-content\/uploads\/2026\/01\/affiche-26-avril-212x300.jpg 212w, https:\/\/gral53.fr\/wp-content\/uploads\/2026\/01\/affiche-26-avril-724x1024.jpg 724w\" sizes=\"(max-width: 595px) 100vw, 595px\" \/><\/p>\n","protected":false},"excerpt":{"rendered":"<p>Grimpeuses, grimpeurs, Le contest, initialement pr\u00e9vu en octobre, est report\u00e9 au dimanche 26 avril, et les inscriptions sont d\u00e9j\u00e0 ouvertes ! Le contest, c&rsquo;est une comp\u00e9tition interne au GRAL, ouverte \u00e0 tou.te.s les licenci\u00e9.e.s&#46;&#46;&#46;<\/p>\n","protected":false},"author":2,"featured_media":6239,"comment_status":"closed","ping_status":"closed","sticky":false,"template":"","format":"standard","meta":{"footnotes":""},"categories":[3],"tags":[],"class_list":["post-6238","post","type-post","status-publish","format-standard","has-post-thumbnail","hentry","category-club"],"post_mailing_queue_ids":[],"_links":{"self":[{"href":"https:\/\/gral53.fr\/index.php\/wp-json\/wp\/v2\/posts\/6238","targetHints":{"allow":["GET"]}}],"collection":[{"href":"https:\/\/gral53.fr\/index.php\/wp-json\/wp\/v2\/posts"}],"about":[{"href":"https:\/\/gral53.fr\/index.php\/wp-json\/wp\/v2\/types\/post"}],"author":[{"embeddable":true,"href":"https:\/\/gral53.fr\/index.php\/wp-json\/wp\/v2\/users\/2"}],"replies":[{"embeddable":true,"href":"https:\/\/gral53.fr\/index.php\/wp-json\/wp\/v2\/comments?post=6238"}],"version-history":[{"count":8,"href":"https:\/\/gral53.fr\/index.php\/wp-json\/wp\/v2\/posts\/6238\/revisions"}],"predecessor-version":[{"id":6254,"href":"https:\/\/gral53.fr\/index.php\/wp-json\/wp\/v2\/posts\/6238\/revisions\/6254"}],"wp:featuredmedia":[{"embeddable":true,"href":"https:\/\/gral53.fr\/index.php\/wp-json\/wp\/v2\/media\/6239"}],"wp:attachment":[{"href":"https:\/\/gral53.fr\/index.php\/wp-json\/wp\/v2\/media?parent=6238"}],"wp:term":[{"taxonomy":"category","embeddable":true,"href":"https:\/\/gral53.fr\/index.php\/wp-json\/wp\/v2\/categories?post=6238"},{"taxonomy":"post_tag","embeddable":true,"href":"https:\/\/gral53.fr\/index.php\/wp-json\/wp\/v2\/tags?post=6238"}],"curies":[{"name":"wp","href":"https:\/\/api.w.org\/{rel}","templated":true}]}}