{"id":6132,"date":"2025-10-27T21:09:59","date_gmt":"2025-10-27T20:09:59","guid":{"rendered":"https:\/\/gral53.fr\/?p=6132"},"modified":"2026-03-15T11:03:10","modified_gmt":"2026-03-15T10:03:10","slug":"sorties-club-2025","status":"publish","type":"post","link":"https:\/\/gral53.fr\/index.php\/2025\/10\/27\/sorties-club-2025\/","title":{"rendered":"Sorties Club 2025"},"content":{"rendered":"<p>Jean-Claude, Frederic, Thomas, Franck et Olivier ont le plaisir de vous proposer le programme des sorties club pour les prochains mois :<\/p>\n<p><strong>Programme des sorties avec l&rsquo;heure de rdv \u00e0 la salle :<\/strong><\/p>\n<p style=\"padding-left: 40px;\"><del><span style=\"color: #333399;\"><strong>Samedi 8 Novembre &#8211; Saulges &#8211; Couenne &#8211; 09:45 &#8211; Jean-Claude<\/strong><\/span><\/del><br \/>\n<del><span style=\"color: #333399;\"><strong>Dimanche 16 Novembre &#8211; Saulges &#8211; Couenne &#8211; 09:45 &#8211; Olivier<\/strong><\/span><\/del><br \/>\n<del><span style=\"color: #333399;\"><strong>Samedi 29 Novembre &#8211; Fosse Arthour &#8211; Couenne &#8211; 08:45 &#8211; Jean-Claude<\/strong><\/span><\/del><br \/>\n<span style=\"color: #339966;\"><strong>Dimanche 14 D\u00e9cembre &#8211; Espace Mayenne &#8211; Moulinette \/ T\u00eate &#8211; 09:00 &#8211; Olivier<\/strong><\/span><br \/>\n<span style=\"color: #333399;\"><strong>Dimanche 4 Janvier &#8211; Saulges &#8211; Couenne &#8211; 12:45 &#8211; Franck<\/strong><\/span><br \/>\n<span style=\"color: #333399;\"><strong>Dimanche 11 Janvier &#8211; Saulges &#8211; Couenne &#8211; 09:45 &#8211; Frederic<\/strong><\/span><br \/>\n<span style=\"color: #333399;\"><strong>Samedi 17 Janvier &#8211; Saulges &#8211; Couenne &#8211; 09:45 &#8211; Olivier<\/strong><\/span><br \/>\n<span style=\"color: #333399;\"><strong>Samedi 24 Janvier &#8211; Fosse Arthour &#8211; Couenne &#8211; 08:45 &#8211; Jean-Claude<\/strong><\/span><\/p>\n<ul>\n<li>Les sorties sont ouvertes \u00e0 tous les licenci\u00e9s du club peu importe votre niveau (pas de passeport requis), les d\u00e9butants sont les bienvenus.<\/li>\n<li><strong>Les sorties bloc sont pour le moment r\u00e9serv\u00e9es aux U18 et plus et avec un maximum de 6 participants.<\/strong><\/li>\n<li>Grimpe sur des voies d&rsquo;une longueur en moulinette ou en t\u00eate en fonction du niveau de chacun.<\/li>\n<li>Pour ceux qui le souhaitent vos joyeux encadrants pourront vous enseigner diff\u00e9rentes manips comme le rappel ou la r\u00e9chappe.<\/li>\n<li>Les enfants licenci\u00e9s au club sont accept\u00e9s sous la responsabilit\u00e9 des parents eux-m\u00eames licenci\u00e9s au club.<\/li>\n<\/ul>\n<p>En cliquant sur le lien ci-dessous vous acc\u00e9derez un fichier Excel dans lequel vous pourrez vous inscrire en partant de l&rsquo;onglet <span style=\"color: #339966;\"><strong>Sommaire<\/strong><\/span>. Merci d&rsquo;y indiquer vos coordonn\u00e9es (mail et t\u00e9l\u00e9phone) ainsi que le nombre de personnes avec vous (vous y compris), tous doivent \u00eatre licenci\u00e9s au GRAL. Dans la suite du fichier vous mentionnerez le mat\u00e9riel que vous avez en votre possession. Pas de panique si vous n&rsquo;avez pas ce qu&rsquo;il faut vos gentils encadrants vous pr\u00eaterons le mat\u00e9riel.<\/p>\n<p>Pour chacune des sorties il est indiqu\u00e9 l&rsquo;heure de d\u00e9part \u00e0 partir de la salle Jeff Lemoine. Il est possible de vous rendre directement sur le site (\u00e0 indiquer lors de votre inscription dans la colonne RDV). Comme le covoiturage est de rigueur vous pouvez indiquer si vous souhaiter prendre votre v\u00e9hicule.<\/p>\n<p><strong><span style=\"color: #339966;\">Les d\u00e9placements coutent, pensez \u00e0 participer au transport (votre v\u00e9hicule ou participation au transport).<\/span><\/strong><\/p>\n<p><span style=\"color: #ff0000;\"><strong><a style=\"color: #ff0000;\" href=\"https:\/\/docs.google.com\/spreadsheets\/d\/1aXjQAAFtK_BL0BJpcp1YKbUNoNBUr2XQ\/edit?gid=48346289#gid=48346289https:\/\/docs.google.com\/spreadsheets\/d\/1aXjQAAFtK_BL0BJpcp1YKbUNoNBUr2XQ\/edit?gid=48346289#gid=48346289\" target=\"_blank\" rel=\"noopener\">&lt;&lt; Inscriptions &gt;&gt;<\/a><\/strong><\/span><\/p>\n<p>Pour faciliter les \u00e9changes nous vous proposons de vous inscrire sur un groupe WhatsApp d\u00e9di\u00e9 aux sorties du Club :\u00a0<a href=\"https:\/\/chat.whatsapp.com\/BqpsPSDDkv0DHv8gOhecpx\" target=\"_blank\" rel=\"noopener\">WhatsApp Sorties Gral<\/a><\/p>\n","protected":false},"excerpt":{"rendered":"<p>Jean-Claude, Frederic, Thomas, Franck et Olivier ont le plaisir de vous proposer le programme des sorties club pour les prochains mois : Programme des sorties avec l&rsquo;heure de rdv \u00e0 la salle : Samedi&#46;&#46;&#46;<\/p>\n","protected":false},"author":1,"featured_media":5756,"comment_status":"closed","ping_status":"closed","sticky":false,"template":"","format":"standard","meta":{"footnotes":""},"categories":[7],"tags":[],"class_list":["post-6132","post","type-post","status-publish","format-standard","has-post-thumbnail","hentry","category-sorties"],"post_mailing_queue_ids":[],"_links":{"self":[{"href":"https:\/\/gral53.fr\/index.php\/wp-json\/wp\/v2\/posts\/6132","targetHints":{"allow":["GET"]}}],"collection":[{"href":"https:\/\/gral53.fr\/index.php\/wp-json\/wp\/v2\/posts"}],"about":[{"href":"https:\/\/gral53.fr\/index.php\/wp-json\/wp\/v2\/types\/post"}],"author":[{"embeddable":true,"href":"https:\/\/gral53.fr\/index.php\/wp-json\/wp\/v2\/users\/1"}],"replies":[{"embeddable":true,"href":"https:\/\/gral53.fr\/index.php\/wp-json\/wp\/v2\/comments?post=6132"}],"version-history":[{"count":12,"href":"https:\/\/gral53.fr\/index.php\/wp-json\/wp\/v2\/posts\/6132\/revisions"}],"predecessor-version":[{"id":6330,"href":"https:\/\/gral53.fr\/index.php\/wp-json\/wp\/v2\/posts\/6132\/revisions\/6330"}],"wp:featuredmedia":[{"embeddable":true,"href":"https:\/\/gral53.fr\/index.php\/wp-json\/wp\/v2\/media\/5756"}],"wp:attachment":[{"href":"https:\/\/gral53.fr\/index.php\/wp-json\/wp\/v2\/media?parent=6132"}],"wp:term":[{"taxonomy":"category","embeddable":true,"href":"https:\/\/gral53.fr\/index.php\/wp-json\/wp\/v2\/categories?post=6132"},{"taxonomy":"post_tag","embeddable":true,"href":"https:\/\/gral53.fr\/index.php\/wp-json\/wp\/v2\/tags?post=6132"}],"curies":[{"name":"wp","href":"https:\/\/api.w.org\/{rel}","templated":true}]}}