{"id":6126,"date":"2025-10-16T18:29:17","date_gmt":"2025-10-16T16:29:17","guid":{"rendered":"https:\/\/gral53.fr\/?p=6126"},"modified":"2025-10-16T18:29:17","modified_gmt":"2025-10-16T16:29:17","slug":"assemblee-generale-le-14-novembre","status":"publish","type":"post","link":"https:\/\/gral53.fr\/index.php\/2025\/10\/16\/assemblee-generale-le-14-novembre\/","title":{"rendered":"Assembl\u00e9e g\u00e9n\u00e9rale le 14 novembre"},"content":{"rendered":"<div class=\"content noI18n colorQuoted\">\n<div id=\"ox-5fe4515068\">\n<div dir=\"ltr\">\n<div dir=\"ltr\">\n<p class=\"ox-5fe4515068-gmail_default\">Grimpeuses, grimpeurs, et parents de jeunes,<\/p>\n<\/div>\n<div dir=\"ltr\">\n<div class=\"ox-5fe4515068-gmail_quote\">\n<div dir=\"ltr\">\n<div>\n<p class=\"ox-5fe4515068-MsoNormal\"><span style=\"font-family: arial, sans-serif;\"><span style=\"font-family: Arial, Helvetica, sans-serif;\">Vous \u00eates invit\u00e9.e.s<\/span><b>\u00a0\u00e0 l&rsquo;Assembl\u00e9e g\u00e9n\u00e9rale de votre club<\/b><span style=\"font-family: Arial, Helvetica, sans-serif;\"> (ou celui de votre enfant) qui aura lieu\u00a0<\/span><b><span style=\"font-family: Arial, Helvetica, sans-serif;\">le 14 novembre 2025 \u00e0 19h00 \u00e0 la maison de quartier des Pommeraies<\/span>\u00a0<\/b><\/span><span style=\"font-family: arial, sans-serif;\">(Salle des Vignes, 167 avenue Pierre de Coubertin, Laval).<\/span><\/p>\n<p class=\"ox-5fe4515068-MsoNormal\"><span id=\"ox-5fe4515068-m_-1751472131613681846m_2172155261069716722gmail-docs-internal-guid-1786926b-7fff-8139-02ce-f6d15e3d9544\"><\/span><span style=\"font-family: arial, sans-serif;\">Nous proposons, apr\u00e8s l\u2019AG, un ap\u00e9ritif d\u00eenatoire.\u00a0<\/span><\/p>\n<p class=\"ox-5fe4515068-MsoNormal\"><span style=\"font-family: arial, sans-serif;\">Pour des raisons d\u2019organisation, merci de compl\u00e9ter le formulaire (pr\u00e9sence AG, pr\u00e9sence ap\u00e9ritif d\u00eenatoire ) :\u00a0<\/span><a tabindex=\"9999\" href=\"https:\/\/docs.google.com\/forms\/d\/e\/1FAIpQLSeTlheAxhS4oWCGtprdu9Xzwjxstugm5q_4bG6bf17FSLYGmg\/viewform?usp=header\" target=\"_blank\" rel=\"noopener\">ICI<\/a><\/p>\n<p class=\"ox-5fe4515068-MsoNormal\"><span style=\"font-family: arial, sans-serif;\">L&rsquo;Assembl\u00e9e g\u00e9n\u00e9rale est un moment important dans la vie du club et nous comptons sur votre pr\u00e9sence afin que le quorum soit atteint, sans quoi nous serions dans l&rsquo;obligation de reporter la date. En cas d&rsquo;indisponibilit\u00e9, vous pouvez faire un pouvoir, \u00e0 envoyer \u00e0 B\u00e9n\u00e9dicte Le Renard (foxfamily53@gmail.com).<\/span><\/p>\n<p class=\"ox-5fe4515068-MsoNormal\"><span style=\"font-family: arial, sans-serif;\">Si vous souhaitez rejoindre le conseil d&rsquo;administration, merci \u00e0 vous de me renvoyer votre candidature par mail (foxfamily53@gmail.com). <\/span><\/p>\n<p class=\"ox-5fe4515068-MsoNormal\"><span style=\"font-family: arial, sans-serif;\">Nous restons \u00e0 votre disposition si vous avez besoin de renseignements compl\u00e9mentaires \u00e0 ce sujet.\u00a0<\/span><\/p>\n<p class=\"ox-5fe4515068-MsoNormal\"><span style=\"font-family: arial, sans-serif;\">\u00a0<\/span><b><\/b><\/p>\n<\/div>\n<\/div>\n<\/div>\n<\/div>\n<\/div>\n<\/div>\n<\/div>\n","protected":false},"excerpt":{"rendered":"<p>Grimpeuses, grimpeurs, et parents de jeunes, Vous \u00eates invit\u00e9.e.s\u00a0\u00e0 l&rsquo;Assembl\u00e9e g\u00e9n\u00e9rale de votre club (ou celui de votre enfant) qui aura lieu\u00a0le 14 novembre 2025 \u00e0 19h00 \u00e0 la maison de quartier des Pommeraies\u00a0(Salle&#46;&#46;&#46;<\/p>\n","protected":false},"author":2,"featured_media":6127,"comment_status":"closed","ping_status":"closed","sticky":false,"template":"","format":"standard","meta":{"footnotes":""},"categories":[3],"tags":[],"class_list":["post-6126","post","type-post","status-publish","format-standard","has-post-thumbnail","hentry","category-club"],"post_mailing_queue_ids":[],"_links":{"self":[{"href":"https:\/\/gral53.fr\/index.php\/wp-json\/wp\/v2\/posts\/6126","targetHints":{"allow":["GET"]}}],"collection":[{"href":"https:\/\/gral53.fr\/index.php\/wp-json\/wp\/v2\/posts"}],"about":[{"href":"https:\/\/gral53.fr\/index.php\/wp-json\/wp\/v2\/types\/post"}],"author":[{"embeddable":true,"href":"https:\/\/gral53.fr\/index.php\/wp-json\/wp\/v2\/users\/2"}],"replies":[{"embeddable":true,"href":"https:\/\/gral53.fr\/index.php\/wp-json\/wp\/v2\/comments?post=6126"}],"version-history":[{"count":3,"href":"https:\/\/gral53.fr\/index.php\/wp-json\/wp\/v2\/posts\/6126\/revisions"}],"predecessor-version":[{"id":6130,"href":"https:\/\/gral53.fr\/index.php\/wp-json\/wp\/v2\/posts\/6126\/revisions\/6130"}],"wp:featuredmedia":[{"embeddable":true,"href":"https:\/\/gral53.fr\/index.php\/wp-json\/wp\/v2\/media\/6127"}],"wp:attachment":[{"href":"https:\/\/gral53.fr\/index.php\/wp-json\/wp\/v2\/media?parent=6126"}],"wp:term":[{"taxonomy":"category","embeddable":true,"href":"https:\/\/gral53.fr\/index.php\/wp-json\/wp\/v2\/categories?post=6126"},{"taxonomy":"post_tag","embeddable":true,"href":"https:\/\/gral53.fr\/index.php\/wp-json\/wp\/v2\/tags?post=6126"}],"curies":[{"name":"wp","href":"https:\/\/api.w.org\/{rel}","templated":true}]}}