{"id":6120,"date":"2025-10-14T20:48:30","date_gmt":"2025-10-14T18:48:30","guid":{"rendered":"https:\/\/gral53.fr\/?p=6120"},"modified":"2025-10-14T20:48:30","modified_gmt":"2025-10-14T18:48:30","slug":"ouverture-de-la-salle-vacances-de-la-toussaint","status":"publish","type":"post","link":"https:\/\/gral53.fr\/index.php\/2025\/10\/14\/ouverture-de-la-salle-vacances-de-la-toussaint\/","title":{"rendered":"Ouverture de la salle vacances de la Toussaint"},"content":{"rendered":"<p>Grimpeuses, grimpeurs,<\/p>\n<p>Pendant les vacances de la Toussaint, la salle Jeff Lemoine sera ouverte aux cr\u00e9neaux autonomes suivants :<\/p>\n<ul>\n<li>Lundi 20 octobre de 20h15 \u00e0 22h15<\/li>\n<li>Mardi 21 octobre de 12h15 \u00e0 13h30 et de 20h30 \u00e0 22h15<\/li>\n<li>Mercredi 22 octobre de 18h30 \u00e0 20h30<\/li>\n<li>Jeudi 23 octobre de 20h15 \u00e0 22h15<\/li>\n<li>Vendredi 24 octobre de 19h45 \u00e0 22h00<\/li>\n<li>Lundi 27 octobre de 20h15 \u00e0 22h15<\/li>\n<li>Mardi 28 octobre de 12h15 \u00e0 13h30 et de 20h30 \u00e0 22h15<\/li>\n<li>Mercredi 29 octobre de 18h30 \u00e0 20h30<\/li>\n<li>Jeudi 30 octobre de 20h45 \u00e0 22h15<\/li>\n<li>Vendredi 31 octobre de 19h45 \u00e0 22h00<\/li>\n<\/ul>\n<p>Nous renouvelons la proposition faite l&rsquo;ann\u00e9e derni\u00e8re pour que les enfants licenci\u00e9.e.s puissent grimper aussi.<\/p>\n<p>Voici les conditions \u00e0 remplir :<\/p>\n<ul>\n<li>\u2060 \u00a0\u2060L\u2019enfant doit \u00eatre sous l\u2019autorit\u00e9 et la surveillance d\u2019un.e adulte.<\/li>\n<li>\u2060 \u00a0\u2060Cet.te adulte est : soit son.a responsable l\u00e9gal.e licenci\u00e9.e au club, soit un.e autre adulte licenci\u00e9.e au club. Dans ce cas, une attestation est demand\u00e9e. Voir le courrier type ci-dessous.<\/li>\n<li>\u2060 \u00a0\u2060Nous demanderons \u00e9galement de montrer la licence de l\u2019enfant au.\u00e0 la responsable de s\u00e9ance.<\/li>\n<li>\u2060 \u00a0\u2060Le.a responsable de s\u00e9ance a autorit\u00e9 pour stopper une s\u00e9ance si il ou elle le juge n\u00e9cessaire.<\/li>\n<\/ul>\n<p>Merci \u00e0 tou.te.s les responsables de salle qui nous permettent de grimper m\u00eame pendant les vacances !<\/p>\n<p><a href=\"https:\/\/gral53.fr\/wp-content\/uploads\/2025\/10\/Modele-Autorisation-parentale.pdf\">Mod\u00e8le Autorisation parentale<\/a><\/p>\n","protected":false},"excerpt":{"rendered":"<p>Grimpeuses, grimpeurs, Pendant les vacances de la Toussaint, la salle Jeff Lemoine sera ouverte aux cr\u00e9neaux autonomes suivants : Lundi 20 octobre de 20h15 \u00e0 22h15 Mardi 21 octobre de 12h15 \u00e0 13h30 et&#46;&#46;&#46;<\/p>\n","protected":false},"author":2,"featured_media":6121,"comment_status":"closed","ping_status":"closed","sticky":false,"template":"","format":"standard","meta":{"footnotes":""},"categories":[3],"tags":[],"class_list":["post-6120","post","type-post","status-publish","format-standard","has-post-thumbnail","hentry","category-club"],"post_mailing_queue_ids":[],"_links":{"self":[{"href":"https:\/\/gral53.fr\/index.php\/wp-json\/wp\/v2\/posts\/6120","targetHints":{"allow":["GET"]}}],"collection":[{"href":"https:\/\/gral53.fr\/index.php\/wp-json\/wp\/v2\/posts"}],"about":[{"href":"https:\/\/gral53.fr\/index.php\/wp-json\/wp\/v2\/types\/post"}],"author":[{"embeddable":true,"href":"https:\/\/gral53.fr\/index.php\/wp-json\/wp\/v2\/users\/2"}],"replies":[{"embeddable":true,"href":"https:\/\/gral53.fr\/index.php\/wp-json\/wp\/v2\/comments?post=6120"}],"version-history":[{"count":3,"href":"https:\/\/gral53.fr\/index.php\/wp-json\/wp\/v2\/posts\/6120\/revisions"}],"predecessor-version":[{"id":6125,"href":"https:\/\/gral53.fr\/index.php\/wp-json\/wp\/v2\/posts\/6120\/revisions\/6125"}],"wp:featuredmedia":[{"embeddable":true,"href":"https:\/\/gral53.fr\/index.php\/wp-json\/wp\/v2\/media\/6121"}],"wp:attachment":[{"href":"https:\/\/gral53.fr\/index.php\/wp-json\/wp\/v2\/media?parent=6120"}],"wp:term":[{"taxonomy":"category","embeddable":true,"href":"https:\/\/gral53.fr\/index.php\/wp-json\/wp\/v2\/categories?post=6120"},{"taxonomy":"post_tag","embeddable":true,"href":"https:\/\/gral53.fr\/index.php\/wp-json\/wp\/v2\/tags?post=6120"}],"curies":[{"name":"wp","href":"https:\/\/api.w.org\/{rel}","templated":true}]}}