{"id":5950,"date":"2025-06-30T18:20:12","date_gmt":"2025-06-30T16:20:12","guid":{"rendered":"https:\/\/gral53.fr\/?p=5950"},"modified":"2025-07-02T07:57:04","modified_gmt":"2025-07-02T05:57:04","slug":"contest-descalade-le-12-octobre","status":"publish","type":"post","link":"https:\/\/gral53.fr\/index.php\/2025\/06\/30\/contest-descalade-le-12-octobre\/","title":{"rendered":"Contest d&rsquo;escalade le 12 octobre"},"content":{"rendered":"<p>Grimpeuses, grimpeurs,<\/p>\n<p>Le GRAL est en train de pr\u00e9parer un contest pour le d\u00e9but de la saison 2025-2026.<\/p>\n<p>Ce contest, r\u00e9serv\u00e9 aux licenci\u00e9.e.s du GRAL, aura lieu le dimanche 12 octobre \u00e0 la salle Jeff Lemoine. Ouvert \u00e0 toutes et tous \u00e0 partir des U18, il proposera \u00e0 des \u00e9quipes mixtes de 3 personnes de s&rsquo;affronter sur des voies de difficult\u00e9 ainsi que sur des blocs. Promis, pas besoin de grimper dans le 7 pour venir s&rsquo;amuser entre ami.e.s !<\/p>\n<p>Alors, notez d\u00e9j\u00e0 la date dans vos agendas, l&rsquo;inscription se fera courant septembre !<\/p>\n<p>D&rsquo;ici l\u00e0, bel \u00e9t\u00e9 \u00e0 vous.<\/p>\n","protected":false},"excerpt":{"rendered":"<p>Grimpeuses, grimpeurs, Le GRAL est en train de pr\u00e9parer un contest pour le d\u00e9but de la saison 2025-2026. Ce contest, r\u00e9serv\u00e9 aux licenci\u00e9.e.s du GRAL, aura lieu le dimanche 12 octobre \u00e0 la salle&#46;&#46;&#46;<\/p>\n","protected":false},"author":2,"featured_media":5205,"comment_status":"closed","ping_status":"closed","sticky":false,"template":"","format":"standard","meta":{"footnotes":""},"categories":[3,4],"tags":[],"class_list":["post-5950","post","type-post","status-publish","format-standard","has-post-thumbnail","hentry","category-club","category-competition"],"post_mailing_queue_ids":[],"_links":{"self":[{"href":"https:\/\/gral53.fr\/index.php\/wp-json\/wp\/v2\/posts\/5950","targetHints":{"allow":["GET"]}}],"collection":[{"href":"https:\/\/gral53.fr\/index.php\/wp-json\/wp\/v2\/posts"}],"about":[{"href":"https:\/\/gral53.fr\/index.php\/wp-json\/wp\/v2\/types\/post"}],"author":[{"embeddable":true,"href":"https:\/\/gral53.fr\/index.php\/wp-json\/wp\/v2\/users\/2"}],"replies":[{"embeddable":true,"href":"https:\/\/gral53.fr\/index.php\/wp-json\/wp\/v2\/comments?post=5950"}],"version-history":[{"count":1,"href":"https:\/\/gral53.fr\/index.php\/wp-json\/wp\/v2\/posts\/5950\/revisions"}],"predecessor-version":[{"id":5951,"href":"https:\/\/gral53.fr\/index.php\/wp-json\/wp\/v2\/posts\/5950\/revisions\/5951"}],"wp:featuredmedia":[{"embeddable":true,"href":"https:\/\/gral53.fr\/index.php\/wp-json\/wp\/v2\/media\/5205"}],"wp:attachment":[{"href":"https:\/\/gral53.fr\/index.php\/wp-json\/wp\/v2\/media?parent=5950"}],"wp:term":[{"taxonomy":"category","embeddable":true,"href":"https:\/\/gral53.fr\/index.php\/wp-json\/wp\/v2\/categories?post=5950"},{"taxonomy":"post_tag","embeddable":true,"href":"https:\/\/gral53.fr\/index.php\/wp-json\/wp\/v2\/tags?post=5950"}],"curies":[{"name":"wp","href":"https:\/\/api.w.org\/{rel}","templated":true}]}}