{"id":5881,"date":"2025-04-14T20:05:43","date_gmt":"2025-04-14T18:05:43","guid":{"rendered":"https:\/\/gral53.fr\/?p=5881"},"modified":"2025-04-14T20:05:43","modified_gmt":"2025-04-14T18:05:43","slug":"championnat-regional-de-combine-u12-u14","status":"publish","type":"post","link":"https:\/\/gral53.fr\/index.php\/2025\/04\/14\/championnat-regional-de-combine-u12-u14\/","title":{"rendered":"Championnat r\u00e9gional de combin\u00e9 U12\/U14"},"content":{"rendered":"<p>C&rsquo;est samedi 12 avril que les U12 et U14 se sont affront\u00e9.e.s lors du championnat r\u00e9gional de combin\u00e9 qui avait lieu \u00e0 Saint Molf (44).<\/p>\n<p>Un grand bravo \u00e0 tou.te.s les Gralois.es qui ont d\u00e9fendu les couleurs du club : Josselin, Romane, Marion, Margaux, Robin, Morgan et Juliette et f\u00e9licitations \u00e0 Fanny qui s&rsquo;est qualifi\u00e9e pour le Championnat de France !<\/p>\n<p><img decoding=\"async\" class=\"alignnone size-medium wp-image-5882\" src=\"https:\/\/gral53.fr\/wp-content\/uploads\/2025\/04\/IMG-20250413-WA0008-300x225.jpg\" alt=\"\" width=\"300\" height=\"225\" srcset=\"https:\/\/gral53.fr\/wp-content\/uploads\/2025\/04\/IMG-20250413-WA0008-300x225.jpg 300w, https:\/\/gral53.fr\/wp-content\/uploads\/2025\/04\/IMG-20250413-WA0008-1024x768.jpg 1024w, https:\/\/gral53.fr\/wp-content\/uploads\/2025\/04\/IMG-20250413-WA0008-768x576.jpg 768w, https:\/\/gral53.fr\/wp-content\/uploads\/2025\/04\/IMG-20250413-WA0008.jpg 1080w\" sizes=\"(max-width: 300px) 100vw, 300px\" \/> <img decoding=\"async\" class=\"alignnone size-medium wp-image-5883\" src=\"https:\/\/gral53.fr\/wp-content\/uploads\/2025\/04\/FB_IMG_1744652475208-225x300.jpg\" alt=\"\" width=\"225\" height=\"300\" srcset=\"https:\/\/gral53.fr\/wp-content\/uploads\/2025\/04\/FB_IMG_1744652475208-225x300.jpg 225w, https:\/\/gral53.fr\/wp-content\/uploads\/2025\/04\/FB_IMG_1744652475208-768x1024.jpg 768w, https:\/\/gral53.fr\/wp-content\/uploads\/2025\/04\/FB_IMG_1744652475208.jpg 810w\" sizes=\"(max-width: 225px) 100vw, 225px\" \/> <img decoding=\"async\" class=\"alignnone size-medium wp-image-5884\" src=\"https:\/\/gral53.fr\/wp-content\/uploads\/2025\/04\/FB_IMG_1744652467684-300x225.jpg\" alt=\"\" width=\"300\" height=\"225\" srcset=\"https:\/\/gral53.fr\/wp-content\/uploads\/2025\/04\/FB_IMG_1744652467684-300x225.jpg 300w, https:\/\/gral53.fr\/wp-content\/uploads\/2025\/04\/FB_IMG_1744652467684-1024x768.jpg 1024w, https:\/\/gral53.fr\/wp-content\/uploads\/2025\/04\/FB_IMG_1744652467684-768x576.jpg 768w, https:\/\/gral53.fr\/wp-content\/uploads\/2025\/04\/FB_IMG_1744652467684.jpg 1080w\" sizes=\"(max-width: 300px) 100vw, 300px\" \/><\/p>\n","protected":false},"excerpt":{"rendered":"<p>C&rsquo;est samedi 12 avril que les U12 et U14 se sont affront\u00e9.e.s lors du championnat r\u00e9gional de combin\u00e9 qui avait lieu \u00e0 Saint Molf (44). Un grand bravo \u00e0 tou.te.s les Gralois.es qui ont&#46;&#46;&#46;<\/p>\n","protected":false},"author":2,"featured_media":5884,"comment_status":"closed","ping_status":"closed","sticky":false,"template":"","format":"standard","meta":{"footnotes":""},"categories":[3,4],"tags":[],"class_list":["post-5881","post","type-post","status-publish","format-standard","has-post-thumbnail","hentry","category-club","category-competition"],"post_mailing_queue_ids":[],"_links":{"self":[{"href":"https:\/\/gral53.fr\/index.php\/wp-json\/wp\/v2\/posts\/5881","targetHints":{"allow":["GET"]}}],"collection":[{"href":"https:\/\/gral53.fr\/index.php\/wp-json\/wp\/v2\/posts"}],"about":[{"href":"https:\/\/gral53.fr\/index.php\/wp-json\/wp\/v2\/types\/post"}],"author":[{"embeddable":true,"href":"https:\/\/gral53.fr\/index.php\/wp-json\/wp\/v2\/users\/2"}],"replies":[{"embeddable":true,"href":"https:\/\/gral53.fr\/index.php\/wp-json\/wp\/v2\/comments?post=5881"}],"version-history":[{"count":2,"href":"https:\/\/gral53.fr\/index.php\/wp-json\/wp\/v2\/posts\/5881\/revisions"}],"predecessor-version":[{"id":5886,"href":"https:\/\/gral53.fr\/index.php\/wp-json\/wp\/v2\/posts\/5881\/revisions\/5886"}],"wp:featuredmedia":[{"embeddable":true,"href":"https:\/\/gral53.fr\/index.php\/wp-json\/wp\/v2\/media\/5884"}],"wp:attachment":[{"href":"https:\/\/gral53.fr\/index.php\/wp-json\/wp\/v2\/media?parent=5881"}],"wp:term":[{"taxonomy":"category","embeddable":true,"href":"https:\/\/gral53.fr\/index.php\/wp-json\/wp\/v2\/categories?post=5881"},{"taxonomy":"post_tag","embeddable":true,"href":"https:\/\/gral53.fr\/index.php\/wp-json\/wp\/v2\/tags?post=5881"}],"curies":[{"name":"wp","href":"https:\/\/api.w.org\/{rel}","templated":true}]}}