{"id":5878,"date":"2025-04-14T19:52:13","date_gmt":"2025-04-14T17:52:13","guid":{"rendered":"https:\/\/gral53.fr\/?p=5878"},"modified":"2025-04-14T19:52:13","modified_gmt":"2025-04-14T17:52:13","slug":"rappel-sortie-famille-ascension-pensez-a-vous-inscrire","status":"publish","type":"post","link":"https:\/\/gral53.fr\/index.php\/2025\/04\/14\/rappel-sortie-famille-ascension-pensez-a-vous-inscrire\/","title":{"rendered":"Rappel : Sortie famille Ascension \u2013 Pensez \u00e0 vous inscrire !"},"content":{"rendered":"<p>Grimpeuses, grimpeurs et parents,<\/p>\n<p>Fr\u00e9d\u00e9ric, Olivier et Franck vous proposent un weekend de 4 jours d\u2019escalade en famille \u00e0 Angle sur l\u2019Anglin dans la Vienne le weekend de l\u2019ascension du 29 Mai au 1er Juin. Vous \u00eates invit\u00e9s \u00e0 y venir en famille pour grimper et d\u00e9couvrir le site de la Guignoterie et de la Dube<\/p>\n<p><strong>Les s\u00e9ances seront encadr\u00e9es de 8h \u00e0 13h<\/strong> puis ensuite vous serez libres de grimper ou de visiter les environs.<br \/>\nVous \u00eates aussi libres de venir sur le site sans profiter des s\u00e9ances encadr\u00e9es pour grimper en libre avec votre famille et\/ou vos amis.<\/p>\n<p><strong>Le site ne convient pas \u00e0 des grimpeurs non pratiquants, nous ne ferons pas d\u2019initiation \u00e0 l\u2019escalade.<\/strong> Toutes les grimpeuses et grimpeurs doivent maitriser l\u2019encordement et l\u2019assurage.<\/p>\n<p>Le weekend s\u2019intitulera : \u00ab\u00a0<strong>Y\u2019a pas de bac\u2026<\/strong>\u00a0\u00bb \u2013 Objectif alterner les s\u00e9ances entre apprentissage de manip type r\u00e9chap, rappel, moulinette et des s\u00e9ances o\u00f9 l\u2019on va au-del\u00e0 de son niveau.<\/p>\n<p>Pour l\u2019h\u00e9bergement nous vous proposons de se retrouver au camping Yelloh Village \u00e0 la Roche Posay <a href=\"https:\/\/www.yellohvillage.fr\/camping\/la_roche_posay\" target=\"_blank\" rel=\"noopener\">ICI<\/a>.<br \/>\nLe camping est grand, il propose des mobil home et des emplacements ombrag\u00e9s, il offre aussi une piscine pour se d\u00e9tendre apr\u00e8s une dure journ\u00e9e de grimpe.<br \/>\nLe covoiturage est de rigueur, nous vous laissons vous organiser. Le WhatsApp \u00ab\u00a0Sortie Angle sur l\u2019Anglin \u00a0\u00bb est \u00e0 votre disposition pour que vous vous organisiez. Lien du groupe : <a href=\"https:\/\/chat.whatsapp.com\/HQCq2HMlL1Z0VqCbYeDQuf\" target=\"_blank\" rel=\"noopener\">ICI<\/a><\/p>\n<p>Pour vous inscrire \u00e0 la sortie c\u2019est ici :\u00a0<a href=\"https:\/\/docs.google.com\/spreadsheets\/d\/1GB2nFxqkKKap4zvAeZBYLPYxOpCbRNAYMosFKCSTjIM\/edit?gid=491329487#gid=491329487\">Inscription<\/a><\/p>\n<p>Merci de renseigner une ligne par grimpeur uniquement pour les s\u00e9ances encadr\u00e9es (ne pas ajouter les accompagnateurs). S\u2019il y a des non licenci\u00e9s il y aura une colonne sp\u00e9cifique pour les identifier pour la licence d\u00e9couverte. Les jeunes sont les bienvenus lors des s\u00e9ances encadr\u00e9s mais doivent \u00eatre accompagn\u00e9s d\u2019un adulte grimpeur et licenci\u00e9 au GRAL d\u00e9sign\u00e9 comme responsable.<\/p>\n<p>Carte de localisation des sites :<\/p>\n<p><img decoding=\"async\" class=\"alignnone size-medium wp-image-5119\" src=\"https:\/\/gral53.fr\/wp-content\/uploads\/2024\/02\/Route-Angle-sur-l-Anglin-263x300.jpg\" alt=\"\" width=\"263\" height=\"300\" srcset=\"https:\/\/gral53.fr\/wp-content\/uploads\/2024\/02\/Route-Angle-sur-l-Anglin-263x300.jpg 263w, https:\/\/gral53.fr\/wp-content\/uploads\/2024\/02\/Route-Angle-sur-l-Anglin-899x1024.jpg 899w, https:\/\/gral53.fr\/wp-content\/uploads\/2024\/02\/Route-Angle-sur-l-Anglin-768x875.jpg 768w, https:\/\/gral53.fr\/wp-content\/uploads\/2024\/02\/Route-Angle-sur-l-Anglin.jpg 948w\" sizes=\"(max-width: 263px) 100vw, 263px\" \/><img decoding=\"async\" class=\"alignnone size-medium wp-image-5120\" src=\"https:\/\/gral53.fr\/wp-content\/uploads\/2024\/02\/Angle-sur-l-Anglin-231x300.jpg\" alt=\"\" width=\"231\" height=\"300\" srcset=\"https:\/\/gral53.fr\/wp-content\/uploads\/2024\/02\/Angle-sur-l-Anglin-231x300.jpg 231w, https:\/\/gral53.fr\/wp-content\/uploads\/2024\/02\/Angle-sur-l-Anglin-788x1024.jpg 788w, https:\/\/gral53.fr\/wp-content\/uploads\/2024\/02\/Angle-sur-l-Anglin-768x998.jpg 768w, https:\/\/gral53.fr\/wp-content\/uploads\/2024\/02\/Angle-sur-l-Anglin.jpg 831w\" sizes=\"(max-width: 231px) 100vw, 231px\" \/><\/p>\n<p>Petite vid\u00e9o de la derni\u00e8re sortie \u00e0 Angle en 2024 disponible <a href=\"https:\/\/www.youtube.com\/watch?v=PZ8-XOOCh64\">ici<\/a><\/p>\n","protected":false},"excerpt":{"rendered":"<p>Grimpeuses, grimpeurs et parents, Fr\u00e9d\u00e9ric, Olivier et Franck vous proposent un weekend de 4 jours d\u2019escalade en famille \u00e0 Angle sur l\u2019Anglin dans la Vienne le weekend de l\u2019ascension du 29 Mai au 1er&#46;&#46;&#46;<\/p>\n","protected":false},"author":2,"featured_media":5489,"comment_status":"closed","ping_status":"closed","sticky":false,"template":"","format":"standard","meta":{"footnotes":""},"categories":[3,7],"tags":[],"class_list":["post-5878","post","type-post","status-publish","format-standard","has-post-thumbnail","hentry","category-club","category-sorties"],"post_mailing_queue_ids":[],"_links":{"self":[{"href":"https:\/\/gral53.fr\/index.php\/wp-json\/wp\/v2\/posts\/5878","targetHints":{"allow":["GET"]}}],"collection":[{"href":"https:\/\/gral53.fr\/index.php\/wp-json\/wp\/v2\/posts"}],"about":[{"href":"https:\/\/gral53.fr\/index.php\/wp-json\/wp\/v2\/types\/post"}],"author":[{"embeddable":true,"href":"https:\/\/gral53.fr\/index.php\/wp-json\/wp\/v2\/users\/2"}],"replies":[{"embeddable":true,"href":"https:\/\/gral53.fr\/index.php\/wp-json\/wp\/v2\/comments?post=5878"}],"version-history":[{"count":2,"href":"https:\/\/gral53.fr\/index.php\/wp-json\/wp\/v2\/posts\/5878\/revisions"}],"predecessor-version":[{"id":5880,"href":"https:\/\/gral53.fr\/index.php\/wp-json\/wp\/v2\/posts\/5878\/revisions\/5880"}],"wp:featuredmedia":[{"embeddable":true,"href":"https:\/\/gral53.fr\/index.php\/wp-json\/wp\/v2\/media\/5489"}],"wp:attachment":[{"href":"https:\/\/gral53.fr\/index.php\/wp-json\/wp\/v2\/media?parent=5878"}],"wp:term":[{"taxonomy":"category","embeddable":true,"href":"https:\/\/gral53.fr\/index.php\/wp-json\/wp\/v2\/categories?post=5878"},{"taxonomy":"post_tag","embeddable":true,"href":"https:\/\/gral53.fr\/index.php\/wp-json\/wp\/v2\/tags?post=5878"}],"curies":[{"name":"wp","href":"https:\/\/api.w.org\/{rel}","templated":true}]}}