{"id":5037,"date":"2024-01-19T21:17:52","date_gmt":"2024-01-19T20:17:52","guid":{"rendered":"https:\/\/gral53.fr\/?p=5037"},"modified":"2024-01-19T21:17:52","modified_gmt":"2024-01-19T20:17:52","slug":"sorties-club-2024","status":"publish","type":"post","link":"https:\/\/gral53.fr\/index.php\/2024\/01\/19\/sorties-club-2024\/","title":{"rendered":"Sorties club 2024"},"content":{"rendered":"<p>Jean-Claude, Fr\u00e9d\u00e9ric et Olivier ont le plaisir de vous proposer le programme des sorties club pour les prochains mois :<\/p>\n<p><strong>Date &#8211; Lieu &#8211; Heure de d\u00e9part &#8211; Encadrant<\/strong><\/p>\n<p style=\"padding-left: 40px;\"><span style=\"color: #000000;\"><strong>Samedi 10 F\u00e9vrier &#8211; Saulges &#8211; 13:00 &#8211; Olivier<br \/>\n<\/strong><\/span><strong style=\"color: #000000;\">Samedi 2 Mars &#8211; Saulges &#8211; 13:00 &#8211; Olivier<br \/>\n<\/strong><strong style=\"color: #000000;\">Samedi 9 Mars &#8211; Saulges &#8211; 13:00 &#8211; Frederic<br \/>\n<\/strong><strong style=\"color: #000000;\">Samedi 16 Mars &#8211; Fosse Arthour &#8211; 09:30 &#8211; Jean-Claude<br \/>\n<\/strong><strong style=\"color: #000000;\">Dimanche 24 Mars &#8211; Fosse Arthour &#8211; 09:30 &#8211; Olivier<br \/>\n<\/strong><strong style=\"color: #000000;\">Dimanche 7 Avril &#8211; Mortain &#8211; 09:30 &#8211; Jean Claude<br \/>\n<\/strong><strong style=\"color: #000000;\">Dimanche 14 Avril &#8211; Saulges &#8211; 09:30 &#8211; Olivier<br \/>\n<\/strong><strong style=\"color: #000000;\">Samedi 20 Avril &#8211; Saut Roland &#8211; 09:30 &#8211; Jean-Claude<br \/>\n<\/strong><strong style=\"color: #000000;\">Dimanche 28 Avril Mortain &#8211; 09:00 &#8211; Frederic<br \/>\n<\/strong><strong style=\"color: #000000;\">Samedi 4 Mai &#8211; Mont Dol &#8211; 08:30 &#8211; Jean-Claude<br \/>\n<\/strong><strong style=\"color: #000000;\">Dimanche 26 Mai &#8211; Fosse Arthour &#8211; 09:00 &#8211; Olivier<br \/>\n<\/strong><strong style=\"color: #000000;\">Dimanche 9 Juin &#8211; Saulges &#8211; 09:00 &#8211; Frederic<br \/>\n<\/strong><strong style=\"color: #000000;\">Samedi 15 Juin &#8211; Fosse Arthour &#8211; 09:00 &#8211; Jean Claude<br \/>\n<\/strong><strong style=\"color: #000000;\">Samedi 22 Juin &#8211; Mortain &#8211; 09:00 &#8211; Frederic<\/strong><\/p>\n<ul>\n<li>Les sorties sont ouvertes \u00e0 tous les licenci\u00e9s du club peu importe votre niveau (pas de passeport requis), les d\u00e9butants sont les bienvenus.<\/li>\n<li>Grimpe sur des voies d&rsquo;une longueur en moulinette ou en t\u00eate en fonction du niveau de chacun.<\/li>\n<li>Pour ceux qui le souhaitent vos joyeux encadrants pourront vous enseigner diff\u00e9rentes manips comme le rappel ou la r\u00e9chappe.<\/li>\n<li>Les enfants licenci\u00e9s au club sont accept\u00e9s sous la responsabilit\u00e9 des parents eux-m\u00eames licenci\u00e9s au club.<\/li>\n<\/ul>\n<p>En cliquant sur le lien ci-dessous vous acc\u00e9derez un fichier Excel dans lequel vous pourrez vous inscrire en partant de l&rsquo;onglet <span style=\"color: #339966;\"><strong>Sommaire<\/strong><\/span>. Merci d&rsquo;y indiquer vos coordonn\u00e9es (mail et t\u00e9l\u00e9phone) ainsi que le nombre de personnes avec vous (vous y compris), tous doivent \u00eatre licenci\u00e9s au GRAL. Dans la suite du fichier vous mentionnerez le mat\u00e9riel que vous avez en votre possession. Pas de panique si vous n&rsquo;avez pas ce qu&rsquo;il faut vos gentils encadrants vous pr\u00eaterons le mat\u00e9riel.<\/p>\n<p>Pour chacune des sorties il est indiqu\u00e9 l&rsquo;heure de d\u00e9part \u00e0 partir de la salle Jeff Lemoine. Il est possible de vous rendre directement sur le site (\u00e0 indiquer lors de votre inscription dans la colonne RDV). Comme le covoiturage est de rigueur vous pouvez indiquer si vous souhaiter prendre votre v\u00e9hicule.<\/p>\n<p><span style=\"color: #ff0000;\"><strong><a style=\"color: #ff0000;\" href=\"https:\/\/docs.google.com\/spreadsheets\/d\/1A6c_OyOQD353ZOfAEaM2_pRNQEkBOCvN\/edit?usp=drive_link&amp;ouid=107797168166387148369&amp;rtpof=true&amp;sd=true\" target=\"_blank\" rel=\"noopener\">&lt;&lt; Inscriptions &gt;&gt;<\/a><\/strong><\/span><\/p>\n<p>Pour faciliter les \u00e9changes nous vous proposons de vous inscrire sur un groupe WhatsApp d\u00e9di\u00e9 aux sorties du Club :\u00a0<a href=\"https:\/\/chat.whatsapp.com\/BqpsPSDDkv0DHv8gOhecpx\" target=\"_blank\" rel=\"noopener\">WhatsApp Sorties Gral<\/a><\/p>\n<p>Jean-Claude, Frederic et Olivier<\/p>\n","protected":false},"excerpt":{"rendered":"<p>Jean-Claude, Fr\u00e9d\u00e9ric et Olivier ont le plaisir de vous proposer le programme des sorties club pour les prochains mois : Date &#8211; Lieu &#8211; Heure de d\u00e9part &#8211; Encadrant Samedi 10 F\u00e9vrier &#8211; Saulges&#46;&#46;&#46;<\/p>\n","protected":false},"author":1,"featured_media":4897,"comment_status":"closed","ping_status":"closed","sticky":false,"template":"","format":"standard","meta":{"footnotes":""},"categories":[3,7],"tags":[],"class_list":["post-5037","post","type-post","status-publish","format-standard","has-post-thumbnail","hentry","category-club","category-sorties"],"post_mailing_queue_ids":[],"_links":{"self":[{"href":"https:\/\/gral53.fr\/index.php\/wp-json\/wp\/v2\/posts\/5037","targetHints":{"allow":["GET"]}}],"collection":[{"href":"https:\/\/gral53.fr\/index.php\/wp-json\/wp\/v2\/posts"}],"about":[{"href":"https:\/\/gral53.fr\/index.php\/wp-json\/wp\/v2\/types\/post"}],"author":[{"embeddable":true,"href":"https:\/\/gral53.fr\/index.php\/wp-json\/wp\/v2\/users\/1"}],"replies":[{"embeddable":true,"href":"https:\/\/gral53.fr\/index.php\/wp-json\/wp\/v2\/comments?post=5037"}],"version-history":[{"count":3,"href":"https:\/\/gral53.fr\/index.php\/wp-json\/wp\/v2\/posts\/5037\/revisions"}],"predecessor-version":[{"id":5040,"href":"https:\/\/gral53.fr\/index.php\/wp-json\/wp\/v2\/posts\/5037\/revisions\/5040"}],"wp:featuredmedia":[{"embeddable":true,"href":"https:\/\/gral53.fr\/index.php\/wp-json\/wp\/v2\/media\/4897"}],"wp:attachment":[{"href":"https:\/\/gral53.fr\/index.php\/wp-json\/wp\/v2\/media?parent=5037"}],"wp:term":[{"taxonomy":"category","embeddable":true,"href":"https:\/\/gral53.fr\/index.php\/wp-json\/wp\/v2\/categories?post=5037"},{"taxonomy":"post_tag","embeddable":true,"href":"https:\/\/gral53.fr\/index.php\/wp-json\/wp\/v2\/tags?post=5037"}],"curies":[{"name":"wp","href":"https:\/\/api.w.org\/{rel}","templated":true}]}}