{"id":4935,"date":"2023-11-25T11:39:51","date_gmt":"2023-11-25T10:39:51","guid":{"rendered":"https:\/\/gral53.fr\/?p=4935"},"modified":"2024-01-20T10:45:15","modified_gmt":"2024-01-20T09:45:15","slug":"telethon-au-gral-dimanche-10-decembre","status":"publish","type":"post","link":"https:\/\/gral53.fr\/index.php\/2023\/11\/25\/telethon-au-gral-dimanche-10-decembre\/","title":{"rendered":"T\u00e9l\u00e9thon au GRAL &#8211;  Dimanche 10 D\u00e9cembre"},"content":{"rendered":"<p>Grimpeuses, grimpeurs et parents,<\/p>\n<p>Le GRAL organise cette ann\u00e9e une journ\u00e9e portes ouvertes au profit du T\u00e9l\u00e9thon. Cette journ\u00e9e se tiendra le <strong>dimanche 10 d\u00e9cembre de 10h \u00e0 16h<\/strong>. \u00c0 cette occasion, la salle Jeff Lemoine sera ouverte \u00e0 tout le monde, m\u00eame aux non licenci\u00e9.e.s. Vous pourrez grimper en famille ou avec vos amis et faire d\u00e9couvrir \u00e0 vos proches votre passion.<\/p>\n<p>Au programme : de la grimpe bien s\u00fbr, mais \u00e9galement une \u00e9preuve surprise et une buvette pour la convivialit\u00e9.<\/p>\n<p>N\u2019h\u00e9sitez pas \u00e0 partager autour de vous. Vous trouverez en pi\u00e8ce jointe le flyer de l\u2019\u00e9v\u00e9nement. Des flyers sont disponibles \u00e0 la salle si vous souhaitez en distribuer.<\/p>\n<p>&nbsp;<\/p>\n<p><img decoding=\"async\" class=\" wp-image-4934 aligncenter\" src=\"https:\/\/gral53.fr\/wp-content\/uploads\/2023\/11\/Affiche-Telethon-724x1024.png\" alt=\"\" width=\"403\" height=\"570\" srcset=\"https:\/\/gral53.fr\/wp-content\/uploads\/2023\/11\/Affiche-Telethon-724x1024.png 724w, https:\/\/gral53.fr\/wp-content\/uploads\/2023\/11\/Affiche-Telethon-212x300.png 212w, https:\/\/gral53.fr\/wp-content\/uploads\/2023\/11\/Affiche-Telethon-768x1087.png 768w, https:\/\/gral53.fr\/wp-content\/uploads\/2023\/11\/Affiche-Telethon-1086x1536.png 1086w, https:\/\/gral53.fr\/wp-content\/uploads\/2023\/11\/Affiche-Telethon.png 1114w\" sizes=\"(max-width: 403px) 100vw, 403px\" \/><\/p>\n","protected":false},"excerpt":{"rendered":"<p>Grimpeuses, grimpeurs et parents, Le GRAL organise cette ann\u00e9e une journ\u00e9e portes ouvertes au profit du T\u00e9l\u00e9thon. Cette journ\u00e9e se tiendra le dimanche 10 d\u00e9cembre de 10h \u00e0 16h. \u00c0 cette occasion, la salle&#46;&#46;&#46;<\/p>\n","protected":false},"author":1,"featured_media":4933,"comment_status":"closed","ping_status":"closed","sticky":false,"template":"","format":"standard","meta":{"footnotes":""},"categories":[3],"tags":[],"class_list":["post-4935","post","type-post","status-publish","format-standard","has-post-thumbnail","hentry","category-club"],"post_mailing_queue_ids":[],"_links":{"self":[{"href":"https:\/\/gral53.fr\/index.php\/wp-json\/wp\/v2\/posts\/4935","targetHints":{"allow":["GET"]}}],"collection":[{"href":"https:\/\/gral53.fr\/index.php\/wp-json\/wp\/v2\/posts"}],"about":[{"href":"https:\/\/gral53.fr\/index.php\/wp-json\/wp\/v2\/types\/post"}],"author":[{"embeddable":true,"href":"https:\/\/gral53.fr\/index.php\/wp-json\/wp\/v2\/users\/1"}],"replies":[{"embeddable":true,"href":"https:\/\/gral53.fr\/index.php\/wp-json\/wp\/v2\/comments?post=4935"}],"version-history":[{"count":2,"href":"https:\/\/gral53.fr\/index.php\/wp-json\/wp\/v2\/posts\/4935\/revisions"}],"predecessor-version":[{"id":4937,"href":"https:\/\/gral53.fr\/index.php\/wp-json\/wp\/v2\/posts\/4935\/revisions\/4937"}],"wp:featuredmedia":[{"embeddable":true,"href":"https:\/\/gral53.fr\/index.php\/wp-json\/wp\/v2\/media\/4933"}],"wp:attachment":[{"href":"https:\/\/gral53.fr\/index.php\/wp-json\/wp\/v2\/media?parent=4935"}],"wp:term":[{"taxonomy":"category","embeddable":true,"href":"https:\/\/gral53.fr\/index.php\/wp-json\/wp\/v2\/categories?post=4935"},{"taxonomy":"post_tag","embeddable":true,"href":"https:\/\/gral53.fr\/index.php\/wp-json\/wp\/v2\/tags?post=4935"}],"curies":[{"name":"wp","href":"https:\/\/api.w.org\/{rel}","templated":true}]}}