{"id":4836,"date":"2023-08-25T11:42:03","date_gmt":"2023-08-25T09:42:03","guid":{"rendered":"https:\/\/gral53.fr\/?p=4836"},"modified":"2024-01-20T10:46:18","modified_gmt":"2024-01-20T09:46:18","slug":"nouvelle-saison-2023-2024-ouverture-salle","status":"publish","type":"post","link":"https:\/\/gral53.fr\/index.php\/2023\/08\/25\/nouvelle-saison-2023-2024-ouverture-salle\/","title":{"rendered":"Nouvelle saison 2023-2024 &#8211; Ouverture Salle"},"content":{"rendered":"<p>Grimpeuses grimpeurs, les vacances sont finies et la nouvelle saison commence bient\u00f4t.<\/p>\n<p>Nous vous donnons rendez-vous \u00e0 partir du <strong>Lundi 4 Septembre<\/strong> pour les <strong>cr\u00e9neaux autonomes adultes<\/strong>.<\/p>\n<p><strong>Les cours<\/strong> (enfants et adultes) commencent \u00e0 partir du <strong>Lundi 11 Septembre<\/strong>.<\/p>\n<p>Ci-dessous le planning pour la saison. Et pour celles et ceux qui ne sont pas \u00e0 jour de leur licence ci-contre l&rsquo;acc\u00e8s \u00e0 la page avec la fiche d&rsquo;inscription : <a href=\"https:\/\/gral53.fr\/index.php\/inscriptions-tarifs\/\" target=\"_blank\" rel=\"noopener\">ICI<\/a><\/p>\n<p><img decoding=\"async\" class=\"alignnone wp-image-4883 size-large\" src=\"https:\/\/gral53.fr\/wp-content\/uploads\/2023\/09\/Planning-2023-2024-2-1024x557.png\" alt=\"\" width=\"1024\" height=\"557\" srcset=\"https:\/\/gral53.fr\/wp-content\/uploads\/2023\/09\/Planning-2023-2024-2-1024x557.png 1024w, https:\/\/gral53.fr\/wp-content\/uploads\/2023\/09\/Planning-2023-2024-2-300x163.png 300w, https:\/\/gral53.fr\/wp-content\/uploads\/2023\/09\/Planning-2023-2024-2-768x418.png 768w, https:\/\/gral53.fr\/wp-content\/uploads\/2023\/09\/Planning-2023-2024-2-1536x836.png 1536w, https:\/\/gral53.fr\/wp-content\/uploads\/2023\/09\/Planning-2023-2024-2.png 1952w\" sizes=\"(max-width: 1024px) 100vw, 1024px\" \/><\/p>\n<p>&nbsp;<\/p>\n<p>Comme l&rsquo;ann\u00e9e pr\u00e9c\u00e9dente l&rsquo;acc\u00e8s au cr\u00e9neaux libres se fera soit par la pr\u00e9sentation de votre licence \u00e0 jour ou de la pastille de la nouvelle saison (un joli vert pomme). La pastille orange indique que vous poss\u00e9dez le module s\u00e9curit\u00e9 orange et que vous avez donc acc\u00e8s \u00e0 l&rsquo;Espace Mayenne lors de cr\u00e9neaux autonomes. Une communication sur l&rsquo;acc\u00e8s \u00e0 l&rsquo;Espace Mayenne sera faite dans les prochains jours.<\/p>\n<p>Pour obtenir votre pastille verte, merci de pr\u00e9senter votre licence de la saison actuelle a un des responsables de cr\u00e9neau. Accrochez ensuite votre pastille \u00e0 votre harnais de fa\u00e7on visible.<\/p>\n<p>La pastille orange vous sera remise apr\u00e8s la validation de votre module de s\u00e9curit\u00e9 du passeport orange par un des encadrants habilit\u00e9s \u00e0 la validation des passeports oranges.<\/p>\n<p>Nouveaut\u00e9 cette ann\u00e9e, des sessions de formation au passeport orange seront organis\u00e9es \u00e0 Jeff comme \u00e0 l&rsquo;Espace Mayenne. Les responsables de cr\u00e9neaux seront \u00e0 votre disposition pour vous donner tous les d\u00e9tails.<\/p>\n<p><img decoding=\"async\" class=\"alignnone wp-image-4837\" src=\"https:\/\/gral53.fr\/wp-content\/uploads\/2023\/08\/20230821_211707-300x300.jpg\" alt=\"\" width=\"217\" height=\"217\" srcset=\"https:\/\/gral53.fr\/wp-content\/uploads\/2023\/08\/20230821_211707-300x300.jpg 300w, https:\/\/gral53.fr\/wp-content\/uploads\/2023\/08\/20230821_211707-150x150.jpg 150w, https:\/\/gral53.fr\/wp-content\/uploads\/2023\/08\/20230821_211707-80x80.jpg 80w, https:\/\/gral53.fr\/wp-content\/uploads\/2023\/08\/20230821_211707-320x320.jpg 320w, https:\/\/gral53.fr\/wp-content\/uploads\/2023\/08\/20230821_211707.jpg 769w\" sizes=\"(max-width: 217px) 100vw, 217px\" \/><\/p>\n<p>&nbsp;<\/p>\n<p>Bonne rentr\u00e9e \u00e0 toutes et \u00e0 tous<\/p>\n","protected":false},"excerpt":{"rendered":"<p>Grimpeuses grimpeurs, les vacances sont finies et la nouvelle saison commence bient\u00f4t. Nous vous donnons rendez-vous \u00e0 partir du Lundi 4 Septembre pour les cr\u00e9neaux autonomes adultes. Les cours (enfants et adultes) commencent \u00e0&#46;&#46;&#46;<\/p>\n","protected":false},"author":1,"featured_media":4837,"comment_status":"closed","ping_status":"closed","sticky":false,"template":"","format":"standard","meta":{"footnotes":""},"categories":[3],"tags":[],"class_list":["post-4836","post","type-post","status-publish","format-standard","has-post-thumbnail","hentry","category-club"],"post_mailing_queue_ids":[],"_links":{"self":[{"href":"https:\/\/gral53.fr\/index.php\/wp-json\/wp\/v2\/posts\/4836","targetHints":{"allow":["GET"]}}],"collection":[{"href":"https:\/\/gral53.fr\/index.php\/wp-json\/wp\/v2\/posts"}],"about":[{"href":"https:\/\/gral53.fr\/index.php\/wp-json\/wp\/v2\/types\/post"}],"author":[{"embeddable":true,"href":"https:\/\/gral53.fr\/index.php\/wp-json\/wp\/v2\/users\/1"}],"replies":[{"embeddable":true,"href":"https:\/\/gral53.fr\/index.php\/wp-json\/wp\/v2\/comments?post=4836"}],"version-history":[{"count":6,"href":"https:\/\/gral53.fr\/index.php\/wp-json\/wp\/v2\/posts\/4836\/revisions"}],"predecessor-version":[{"id":4885,"href":"https:\/\/gral53.fr\/index.php\/wp-json\/wp\/v2\/posts\/4836\/revisions\/4885"}],"wp:featuredmedia":[{"embeddable":true,"href":"https:\/\/gral53.fr\/index.php\/wp-json\/wp\/v2\/media\/4837"}],"wp:attachment":[{"href":"https:\/\/gral53.fr\/index.php\/wp-json\/wp\/v2\/media?parent=4836"}],"wp:term":[{"taxonomy":"category","embeddable":true,"href":"https:\/\/gral53.fr\/index.php\/wp-json\/wp\/v2\/categories?post=4836"},{"taxonomy":"post_tag","embeddable":true,"href":"https:\/\/gral53.fr\/index.php\/wp-json\/wp\/v2\/tags?post=4836"}],"curies":[{"name":"wp","href":"https:\/\/api.w.org\/{rel}","templated":true}]}}