{"id":4339,"date":"2022-09-07T14:02:19","date_gmt":"2022-09-07T12:02:19","guid":{"rendered":"https:\/\/gral53.fr\/?p=4339"},"modified":"2022-09-07T14:02:19","modified_gmt":"2022-09-07T12:02:19","slug":"vital-sport-decathlon-benevoles-pour-samedi-10-septembre","status":"publish","type":"post","link":"https:\/\/gral53.fr\/index.php\/2022\/09\/07\/vital-sport-decathlon-benevoles-pour-samedi-10-septembre\/","title":{"rendered":"Vital Sport D\u00e9cathlon : B\u00e9n\u00e9voles pour Samedi 10 Septembre"},"content":{"rendered":"<p>A toutes et \u00e0 tous,<\/p>\n<p>Ce samedi 10 septembre, D\u00e9cathlon Laval organise sa journ\u00e9e VitalSport. De nombreuses installations sportives seront \u00e0 disposition du public qui pourra essayer gratuitement les diff\u00e9rentes activit\u00e9s. Les activit\u00e9s sont encadr\u00e9es par des b\u00e9n\u00e9voles des clubs lavallois et alentours&#8230; en \u00e9change de quoi D\u00e9cathlon accorde des r\u00e9ductions aux licenci\u00e9s.<\/p>\n<p>En r\u00e9sum\u00e9 : notre pr\u00e9sence au Vitalsport = 10% de r\u00e9duction sur l&rsquo;achat de mat\u00e9riel escalade pour tous les licenci\u00e9s du GRAL.<\/p>\n<p><span style=\"color: #ff0000;\"><strong>Pour ce samedi donc, nous avons besoin de b\u00e9n\u00e9voles<\/strong><\/span> : il s&rsquo;agit d&rsquo;aider les gens \u00e0 s&rsquo;\u00e9quiper et \u00e0 s&rsquo;encorder au pied de la structure artificielle. L&rsquo;assurage se fait par des syst\u00e8mes d&rsquo;enrouleurs automatiques.<\/p>\n<p>Si vous \u00eates dispos quelques heures dans la journ\u00e9e de samedi (cr\u00e9neaux de 3h maxi), merci de joindre Myl\u00e8ne au 06 18 40 92 50&#8230;<br \/>\nMerci d&rsquo;avance \u00e0 tous ceux qui se proposeront et bonne fin de semaine \u00e0 tous !<\/p>\n<p>&nbsp;<\/p>\n<p><img decoding=\"async\" class=\"alignnone size-medium wp-image-4338\" src=\"https:\/\/gral53.fr\/wp-content\/uploads\/2022\/09\/Vital-Sport-300x204.jpeg\" alt=\"\" width=\"300\" height=\"204\" srcset=\"https:\/\/gral53.fr\/wp-content\/uploads\/2022\/09\/Vital-Sport-300x204.jpeg 300w, https:\/\/gral53.fr\/wp-content\/uploads\/2022\/09\/Vital-Sport-768x521.jpeg 768w, https:\/\/gral53.fr\/wp-content\/uploads\/2022\/09\/Vital-Sport.jpeg 788w\" sizes=\"(max-width: 300px) 100vw, 300px\" \/><\/p>\n","protected":false},"excerpt":{"rendered":"<p>A toutes et \u00e0 tous, Ce samedi 10 septembre, D\u00e9cathlon Laval organise sa journ\u00e9e VitalSport. De nombreuses installations sportives seront \u00e0 disposition du public qui pourra essayer gratuitement les diff\u00e9rentes activit\u00e9s. Les activit\u00e9s sont&#46;&#46;&#46;<\/p>\n","protected":false},"author":1,"featured_media":4338,"comment_status":"open","ping_status":"closed","sticky":false,"template":"","format":"standard","meta":{"footnotes":""},"categories":[3],"tags":[],"class_list":["post-4339","post","type-post","status-publish","format-standard","has-post-thumbnail","hentry","category-club"],"post_mailing_queue_ids":[],"_links":{"self":[{"href":"https:\/\/gral53.fr\/index.php\/wp-json\/wp\/v2\/posts\/4339","targetHints":{"allow":["GET"]}}],"collection":[{"href":"https:\/\/gral53.fr\/index.php\/wp-json\/wp\/v2\/posts"}],"about":[{"href":"https:\/\/gral53.fr\/index.php\/wp-json\/wp\/v2\/types\/post"}],"author":[{"embeddable":true,"href":"https:\/\/gral53.fr\/index.php\/wp-json\/wp\/v2\/users\/1"}],"replies":[{"embeddable":true,"href":"https:\/\/gral53.fr\/index.php\/wp-json\/wp\/v2\/comments?post=4339"}],"version-history":[{"count":2,"href":"https:\/\/gral53.fr\/index.php\/wp-json\/wp\/v2\/posts\/4339\/revisions"}],"predecessor-version":[{"id":4341,"href":"https:\/\/gral53.fr\/index.php\/wp-json\/wp\/v2\/posts\/4339\/revisions\/4341"}],"wp:featuredmedia":[{"embeddable":true,"href":"https:\/\/gral53.fr\/index.php\/wp-json\/wp\/v2\/media\/4338"}],"wp:attachment":[{"href":"https:\/\/gral53.fr\/index.php\/wp-json\/wp\/v2\/media?parent=4339"}],"wp:term":[{"taxonomy":"category","embeddable":true,"href":"https:\/\/gral53.fr\/index.php\/wp-json\/wp\/v2\/categories?post=4339"},{"taxonomy":"post_tag","embeddable":true,"href":"https:\/\/gral53.fr\/index.php\/wp-json\/wp\/v2\/tags?post=4339"}],"curies":[{"name":"wp","href":"https:\/\/api.w.org\/{rel}","templated":true}]}}