{"id":4327,"date":"2022-09-05T11:16:17","date_gmt":"2022-09-05T09:16:17","guid":{"rendered":"https:\/\/gral53.fr\/?p=4327"},"modified":"2022-09-05T11:16:17","modified_gmt":"2022-09-05T09:16:17","slug":"formation-responsable-de-salle-mercredi-7-19h30","status":"publish","type":"post","link":"https:\/\/gral53.fr\/index.php\/2022\/09\/05\/formation-responsable-de-salle-mercredi-7-19h30\/","title":{"rendered":"Formation responsable de salle : Mercredi 7 &#8211; 19h30"},"content":{"rendered":"<p style=\"text-align: left;\">Grimpeuses, grimpeurs,<\/p>\n<p style=\"text-align: left;\">Depuis quelques ann\u00e9es le club fait face \u00e0 une tr\u00e8s forte de demande de nouveaux licenci\u00e9s (adultes comme jeunes).<\/p>\n<p style=\"text-align: left;\">Le Gral \u00e0 une particularit\u00e9 qui est d&rsquo;accueillir les adultes d\u00e9butants lors de tous les cr\u00e9neaux libres et de les initier \u00e0 la s\u00e9curit\u00e9 : assurage, n\u0153ud d&rsquo;encordement, bloc, comportement\u2026 L&rsquo;objectif \u00e9tant de les amener \u00e0 l&rsquo;autonomie en salle et en moulinette.<\/p>\n<p style=\"text-align: left;\">Mais pour se faire nous avons besoin de responsables de cr\u00e9neaux qui devront prendre en charge les d\u00e9butants. Le club a besoin de vous pour continuer son d\u00e9veloppement et accueillir de nouveaux grimpeurs.<\/p>\n<p style=\"text-align: left;\">Si vous \u00eates int\u00e9ress\u00e9 pour prendre un cr\u00e9neau comme titulaire ou comme suppl\u00e9ant, de d\u00e9couvrir le r\u00f4le du responsable de salle, de vous recycler, nous organisons une formation d&rsquo;une heure ce <span style=\"color: #339966;\"><strong>Mercredi 7 Septembre \u00e0 19h30 \u00e0 la salle<\/strong><\/span>.<\/p>\n<p style=\"text-align: left;\">N&rsquo;h\u00e9sitez pas \u00e0 vous d\u00e9placer nombreux.<\/p>\n<p>&nbsp;<\/p>\n<p><img decoding=\"async\" class=\"wp-image-3554  alignleft\" src=\"https:\/\/gral53.fr\/wp-content\/uploads\/2021\/09\/20210909_222127_resize.jpg\" alt=\"Frederic qui prend son r\u00f4le de responsable de salle tr\u00e8s \u00e0 c\u0153ur.\" width=\"372\" height=\"785\" srcset=\"https:\/\/gral53.fr\/wp-content\/uploads\/2021\/09\/20210909_222127_resize.jpg 485w, https:\/\/gral53.fr\/wp-content\/uploads\/2021\/09\/20210909_222127_resize-142x300.jpg 142w\" sizes=\"(max-width: 372px) 100vw, 372px\" \/><\/p>\n","protected":false},"excerpt":{"rendered":"<p>Grimpeuses, grimpeurs, Depuis quelques ann\u00e9es le club fait face \u00e0 une tr\u00e8s forte de demande de nouveaux licenci\u00e9s (adultes comme jeunes). Le Gral \u00e0 une particularit\u00e9 qui est d&rsquo;accueillir les adultes d\u00e9butants lors de&#46;&#46;&#46;<\/p>\n","protected":false},"author":1,"featured_media":649,"comment_status":"open","ping_status":"closed","sticky":false,"template":"","format":"standard","meta":{"footnotes":""},"categories":[3,35],"tags":[],"class_list":["post-4327","post","type-post","status-publish","format-standard","has-post-thumbnail","hentry","category-club","category-formation"],"post_mailing_queue_ids":[],"_links":{"self":[{"href":"https:\/\/gral53.fr\/index.php\/wp-json\/wp\/v2\/posts\/4327","targetHints":{"allow":["GET"]}}],"collection":[{"href":"https:\/\/gral53.fr\/index.php\/wp-json\/wp\/v2\/posts"}],"about":[{"href":"https:\/\/gral53.fr\/index.php\/wp-json\/wp\/v2\/types\/post"}],"author":[{"embeddable":true,"href":"https:\/\/gral53.fr\/index.php\/wp-json\/wp\/v2\/users\/1"}],"replies":[{"embeddable":true,"href":"https:\/\/gral53.fr\/index.php\/wp-json\/wp\/v2\/comments?post=4327"}],"version-history":[{"count":8,"href":"https:\/\/gral53.fr\/index.php\/wp-json\/wp\/v2\/posts\/4327\/revisions"}],"predecessor-version":[{"id":4335,"href":"https:\/\/gral53.fr\/index.php\/wp-json\/wp\/v2\/posts\/4327\/revisions\/4335"}],"wp:featuredmedia":[{"embeddable":true,"href":"https:\/\/gral53.fr\/index.php\/wp-json\/wp\/v2\/media\/649"}],"wp:attachment":[{"href":"https:\/\/gral53.fr\/index.php\/wp-json\/wp\/v2\/media?parent=4327"}],"wp:term":[{"taxonomy":"category","embeddable":true,"href":"https:\/\/gral53.fr\/index.php\/wp-json\/wp\/v2\/categories?post=4327"},{"taxonomy":"post_tag","embeddable":true,"href":"https:\/\/gral53.fr\/index.php\/wp-json\/wp\/v2\/tags?post=4327"}],"curies":[{"name":"wp","href":"https:\/\/api.w.org\/{rel}","templated":true}]}}