{"id":4162,"date":"2022-06-14T12:47:59","date_gmt":"2022-06-14T10:47:59","guid":{"rendered":"https:\/\/gral53.fr\/?p=4162"},"modified":"2022-06-14T12:47:59","modified_gmt":"2022-06-14T10:47:59","slug":"fete-de-lescalade-samedi-18-juin-saulges","status":"publish","type":"post","link":"https:\/\/gral53.fr\/index.php\/2022\/06\/14\/fete-de-lescalade-samedi-18-juin-saulges\/","title":{"rendered":"F\u00eate de l&rsquo;Escalade &#8211; Samedi 18 Juin Saulges"},"content":{"rendered":"<p>La f\u00eate de l&rsquo;escalade revient pour sa 16\u00e8me \u00e9dition, \u00e0 Saulges, le samedi 18 juin.<\/p>\n<p>Cette journ\u00e9e sera l&rsquo;occasion pour tous de d\u00e9couvrir ou red\u00e9couvrir l&rsquo;escalade sur site naturel.<br \/>\nAu programme de cette journ\u00e9e :<\/p>\n<ul>\n<li>09h00 &#8211; 17h00 : La derni\u00e8re \u00e9tape de la coupe de la Mayenne pour les U10, U12, U14<\/li>\n<li>15h00 &#8211; 18h30 : L&rsquo;apr\u00e8s-midi, initiation escalade pour tous (amis, voisins, familles &#8230;), m\u00eame les non-licenci\u00e9s<\/li>\n<li>19h00 &#8211; 21h00 : Repas en plein air (pique-nique)<\/li>\n<li>21h00 &#8211; &#8230; : Le soir escalade en nocturne sous les feux des projecteurs (pour les licenci\u00e9s)<\/li>\n<\/ul>\n<p>N&rsquo;h\u00e9sitez \u00e0 en parler autour de vous pour faire d\u00e9couvrir notre sport.<\/p>\n<p>Pour que la journ\u00e9e soit une r\u00e9ussite, nous avons besoin de votre aide, notamment pour assurer. Toute personne licenci\u00e9e et \u00e0 partir de la cat\u00e9gorie U18 peut \u00eatre assureur.<\/p>\n<p>Merci de vous inscrire dans le tableau en suivant ce lien :\u00a0<a href=\"https:\/\/docs.google.com\/spreadsheets\/d\/1tEwMwleJ3Af32HHzjz8JHJBUhIrAd9qUYEEYgNZAR-4\/edit#gid=1153414343\" target=\"_blank\" rel=\"noopener\">ICI<\/a><\/p>\n<p>&nbsp;<\/p>\n<p><img decoding=\"async\" class=\"aligncenter wp-image-1130 size-large\" src=\"https:\/\/gral53.fr\/wp-content\/uploads\/2019\/08\/IMG_9804-e1566257301971-1024x682.jpg\" alt=\"\" width=\"1024\" height=\"682\" srcset=\"https:\/\/gral53.fr\/wp-content\/uploads\/2019\/08\/IMG_9804-e1566257301971-1024x682.jpg 1024w, https:\/\/gral53.fr\/wp-content\/uploads\/2019\/08\/IMG_9804-e1566257301971-300x200.jpg 300w, https:\/\/gral53.fr\/wp-content\/uploads\/2019\/08\/IMG_9804-e1566257301971-768x512.jpg 768w, https:\/\/gral53.fr\/wp-content\/uploads\/2019\/08\/IMG_9804-e1566257301971.jpg 1280w\" sizes=\"(max-width: 1024px) 100vw, 1024px\" \/><\/p>\n","protected":false},"excerpt":{"rendered":"<p>La f\u00eate de l&rsquo;escalade revient pour sa 16\u00e8me \u00e9dition, \u00e0 Saulges, le samedi 18 juin. Cette journ\u00e9e sera l&rsquo;occasion pour tous de d\u00e9couvrir ou red\u00e9couvrir l&rsquo;escalade sur site naturel. Au programme de cette journ\u00e9e&#46;&#46;&#46;<\/p>\n","protected":false},"author":1,"featured_media":1138,"comment_status":"open","ping_status":"closed","sticky":false,"template":"","format":"standard","meta":{"footnotes":""},"categories":[3],"tags":[],"class_list":["post-4162","post","type-post","status-publish","format-standard","has-post-thumbnail","hentry","category-club"],"post_mailing_queue_ids":[],"_links":{"self":[{"href":"https:\/\/gral53.fr\/index.php\/wp-json\/wp\/v2\/posts\/4162","targetHints":{"allow":["GET"]}}],"collection":[{"href":"https:\/\/gral53.fr\/index.php\/wp-json\/wp\/v2\/posts"}],"about":[{"href":"https:\/\/gral53.fr\/index.php\/wp-json\/wp\/v2\/types\/post"}],"author":[{"embeddable":true,"href":"https:\/\/gral53.fr\/index.php\/wp-json\/wp\/v2\/users\/1"}],"replies":[{"embeddable":true,"href":"https:\/\/gral53.fr\/index.php\/wp-json\/wp\/v2\/comments?post=4162"}],"version-history":[{"count":1,"href":"https:\/\/gral53.fr\/index.php\/wp-json\/wp\/v2\/posts\/4162\/revisions"}],"predecessor-version":[{"id":4163,"href":"https:\/\/gral53.fr\/index.php\/wp-json\/wp\/v2\/posts\/4162\/revisions\/4163"}],"wp:featuredmedia":[{"embeddable":true,"href":"https:\/\/gral53.fr\/index.php\/wp-json\/wp\/v2\/media\/1138"}],"wp:attachment":[{"href":"https:\/\/gral53.fr\/index.php\/wp-json\/wp\/v2\/media?parent=4162"}],"wp:term":[{"taxonomy":"category","embeddable":true,"href":"https:\/\/gral53.fr\/index.php\/wp-json\/wp\/v2\/categories?post=4162"},{"taxonomy":"post_tag","embeddable":true,"href":"https:\/\/gral53.fr\/index.php\/wp-json\/wp\/v2\/tags?post=4162"}],"curies":[{"name":"wp","href":"https:\/\/api.w.org\/{rel}","templated":true}]}}